{"id":7802,"date":"2025-09-04T10:05:29","date_gmt":"2025-09-04T10:05:29","guid":{"rendered":"https:\/\/cristinagabetti.com\/?p=7802"},"modified":"2025-09-04T10:07:52","modified_gmt":"2025-09-04T10:07:52","slug":"tondo-come-il-mondo","status":"publish","type":"post","link":"https:\/\/cristinagabetti.com\/en\/tondo-come-il-mondo\/","title":{"rendered":"Tondo come il Mondo"},"content":{"rendered":"[vc_row type=&#8221;in_container&#8221; full_screen_row_position=&#8221;middle&#8221; column_margin=&#8221;default&#8221; column_direction=&#8221;default&#8221; column_direction_tablet=&#8221;default&#8221; column_direction_phone=&#8221;default&#8221; scene_position=&#8221;center&#8221; text_color=&#8221;dark&#8221; text_align=&#8221;left&#8221; row_border_radius=&#8221;none&#8221; row_border_radius_applies=&#8221;bg&#8221; overflow=&#8221;visible&#8221; overlay_strength=&#8221;0.3&#8243; gradient_direction=&#8221;left_to_right&#8221; shape_divider_position=&#8221;bottom&#8221; bg_image_animation=&#8221;none&#8221;][vc_column column_padding=&#8221;no-extra-padding&#8221; column_padding_tablet=&#8221;inherit&#8221; column_padding_phone=&#8221;inherit&#8221; column_padding_position=&#8221;all&#8221; column_element_spacing=&#8221;default&#8221; background_color_opacity=&#8221;1&#8243; background_hover_color_opacity=&#8221;1&#8243; column_shadow=&#8221;none&#8221; column_border_radius=&#8221;none&#8221; column_link_target=&#8221;_self&#8221; column_position=&#8221;default&#8221; gradient_direction=&#8221;left_to_right&#8221; overlay_strength=&#8221;0.3&#8243; width=&#8221;1\/1&#8243; tablet_width_inherit=&#8221;default&#8221; tablet_text_alignment=&#8221;default&#8221; phone_text_alignment=&#8221;default&#8221; animation_type=&#8221;default&#8221; bg_image_animation=&#8221;none&#8221; border_type=&#8221;simple&#8221; column_border_width=&#8221;none&#8221; column_border_style=&#8221;solid&#8221;][vc_column_text]\n<h2 style=\"text-align: center;\">\u201cTondo come il Mondo\u201d: la campagna educativa rivolta alle scuole primarie, ha concluso il suo quindicesimo anno.<br \/>\nIl Manuale per bambini amici della terra.<\/h2>\n[\/vc_column_text][\/vc_column][\/vc_row][vc_row type=&#8221;in_container&#8221; full_screen_row_position=&#8221;middle&#8221; column_margin=&#8221;default&#8221; column_direction=&#8221;default&#8221; column_direction_tablet=&#8221;default&#8221; column_direction_phone=&#8221;default&#8221; scene_position=&#8221;center&#8221; text_color=&#8221;dark&#8221; text_align=&#8221;left&#8221; row_border_radius=&#8221;none&#8221; row_border_radius_applies=&#8221;bg&#8221; overflow=&#8221;visible&#8221; overlay_strength=&#8221;0.3&#8243; gradient_direction=&#8221;left_to_right&#8221; shape_divider_position=&#8221;bottom&#8221; bg_image_animation=&#8221;none&#8221;][vc_column column_padding=&#8221;no-extra-padding&#8221; column_padding_tablet=&#8221;inherit&#8221; column_padding_phone=&#8221;inherit&#8221; column_padding_position=&#8221;all&#8221; column_element_spacing=&#8221;default&#8221; background_color_opacity=&#8221;1&#8243; background_hover_color_opacity=&#8221;1&#8243; column_shadow=&#8221;none&#8221; column_border_radius=&#8221;none&#8221; column_link_target=&#8221;_self&#8221; column_position=&#8221;default&#8221; gradient_direction=&#8221;left_to_right&#8221; overlay_strength=&#8221;0.3&#8243; width=&#8221;1\/1&#8243; tablet_width_inherit=&#8221;default&#8221; tablet_text_alignment=&#8221;default&#8221; phone_text_alignment=&#8221;default&#8221; animation_type=&#8221;default&#8221; bg_image_animation=&#8221;none&#8221; border_type=&#8221;simple&#8221; column_border_width=&#8221;none&#8221; column_border_style=&#8221;solid&#8221;][image_with_animation image_url=&#8221;7795&#8243; image_size=&#8221;full&#8221; animation_type=&#8221;entrance&#8221; animation=&#8221;Fade In&#8221; hover_animation=&#8221;none&#8221; alignment=&#8221;&#8221; border_radius=&#8221;none&#8221; box_shadow=&#8221;none&#8221; image_loading=&#8221;default&#8221; max_width=&#8221;100%&#8221; max_width_mobile=&#8221;default&#8221;][\/vc_column][\/vc_row][vc_row type=&#8221;in_container&#8221; full_screen_row_position=&#8221;middle&#8221; column_margin=&#8221;default&#8221; column_direction=&#8221;default&#8221; column_direction_tablet=&#8221;default&#8221; column_direction_phone=&#8221;default&#8221; scene_position=&#8221;center&#8221; text_color=&#8221;dark&#8221; text_align=&#8221;left&#8221; row_border_radius=&#8221;none&#8221; row_border_radius_applies=&#8221;bg&#8221; overflow=&#8221;visible&#8221; overlay_strength=&#8221;0.3&#8243; gradient_direction=&#8221;left_to_right&#8221; shape_divider_position=&#8221;bottom&#8221; bg_image_animation=&#8221;none&#8221;][vc_column column_padding=&#8221;no-extra-padding&#8221; column_padding_tablet=&#8221;inherit&#8221; column_padding_phone=&#8221;inherit&#8221; column_padding_position=&#8221;all&#8221; column_element_spacing=&#8221;default&#8221; background_color_opacity=&#8221;1&#8243; background_hover_color_opacity=&#8221;1&#8243; column_shadow=&#8221;none&#8221; column_border_radius=&#8221;none&#8221; column_link_target=&#8221;_self&#8221; column_position=&#8221;default&#8221; gradient_direction=&#8221;left_to_right&#8221; overlay_strength=&#8221;0.3&#8243; width=&#8221;1\/1&#8243; tablet_width_inherit=&#8221;default&#8221; tablet_text_alignment=&#8221;default&#8221; phone_text_alignment=&#8221;default&#8221; animation_type=&#8221;default&#8221; bg_image_animation=&#8221;none&#8221; border_type=&#8221;simple&#8221; column_border_width=&#8221;none&#8221; column_border_style=&#8221;solid&#8221;][vc_column_text]Quando il motore \u00e8 il cuore, e si lavora mossi da un desiderio autentico, i risultati arrivano. Tondo come il Mondo nasce da una domanda: \u201ccosa possiamo fare per i bambini?\u201d. Era primavera del 2009. Mio marito ed io eravamo ospiti a cena da Nino Tronchetti Provera. I nostri figli erano ancora piccoli e lui stava fondando la sgr Ambienta. La mia risposta spontanea fu: scrivo un libro di educazione ambientale. E mio marito aggiunse: per le scuole. \u00a0Al tempo collaborava con Giunti Progetti Educativi, diventato poi Libr\u00ec. A fine serata l\u2019idea aveva un fondamento di concretezza.<br \/>\nTondo come il mondo \u00e8 sgorgato dalla mia penna con il desiderio di offrire una guida pratica e simpatica a insegnanti e alunni per essere amici della Terra che abitiamo. Con l\u2019illustratore Piero Corva ci fu subito sintonia, e la longevit\u00e0 di questo progetto, distribuito da 15 anni in 2000 classi di 3,4,5 elementare, \u00e8 frutto di una collaborazione sincera e da una grande passione.<br \/>\nSono stata felice di ritrovare Piero per lavorare alla riedizione del libro in occasione del recente anniversario.[\/vc_column_text][\/vc_column][\/vc_row][vc_row type=&#8221;in_container&#8221; full_screen_row_position=&#8221;middle&#8221; column_margin=&#8221;default&#8221; column_direction=&#8221;default&#8221; column_direction_tablet=&#8221;default&#8221; column_direction_phone=&#8221;default&#8221; scene_position=&#8221;center&#8221; text_color=&#8221;dark&#8221; text_align=&#8221;left&#8221; row_border_radius=&#8221;none&#8221; row_border_radius_applies=&#8221;bg&#8221; overflow=&#8221;visible&#8221; overlay_strength=&#8221;0.3&#8243; gradient_direction=&#8221;left_to_right&#8221; shape_divider_position=&#8221;bottom&#8221; bg_image_animation=&#8221;none&#8221;][vc_column column_padding=&#8221;no-extra-padding&#8221; column_padding_tablet=&#8221;inherit&#8221; column_padding_phone=&#8221;inherit&#8221; column_padding_position=&#8221;all&#8221; column_element_spacing=&#8221;default&#8221; background_color_opacity=&#8221;1&#8243; background_hover_color_opacity=&#8221;1&#8243; column_shadow=&#8221;none&#8221; column_border_radius=&#8221;none&#8221; column_link_target=&#8221;_self&#8221; column_position=&#8221;default&#8221; gradient_direction=&#8221;left_to_right&#8221; overlay_strength=&#8221;0.3&#8243; width=&#8221;1\/1&#8243; tablet_width_inherit=&#8221;default&#8221; tablet_text_alignment=&#8221;default&#8221; phone_text_alignment=&#8221;default&#8221; animation_type=&#8221;default&#8221; bg_image_animation=&#8221;none&#8221; border_type=&#8221;simple&#8221; column_border_width=&#8221;none&#8221; column_border_style=&#8221;solid&#8221;][vc_text_separator title=&#8221;Scopri il kit&#8221;][nectar_btn size=&#8221;small&#8221; button_style=&#8221;regular&#8221; button_color_2=&#8221;Accent-Color&#8221; icon_family=&#8221;none&#8221; text=&#8221;Kit&#8221; url=&#8221;https:\/\/www.communiti.it\/kit\/&#8221;][nectar_btn size=&#8221;small&#8221; button_style=&#8221;regular&#8221; button_color_2=&#8221;Accent-Color&#8221; icon_family=&#8221;none&#8221; text=&#8221;Ordina il Libro&#8221; url=&#8221;https:\/\/www.hoepli.it\/libro\/tondo-come-il-mondo-manuale-per-bambini-amici-della-terra\/9788809774308.html?origin=google-shopping&amp;gclid=Cj0KCQjw6sHzBRCbARIsAF8FMpXq-at83TZ2aGncR1tfhDudWu6hBWjW-MjU1XfZiWdeYUormMjPXsoaArR9EALw_wcB&#8221;][\/vc_column][\/vc_row][vc_row type=&#8221;in_container&#8221; full_screen_row_position=&#8221;middle&#8221; column_margin=&#8221;default&#8221; column_direction=&#8221;default&#8221; column_direction_tablet=&#8221;default&#8221; column_direction_phone=&#8221;default&#8221; scene_position=&#8221;center&#8221; text_color=&#8221;dark&#8221; text_align=&#8221;left&#8221; row_border_radius=&#8221;none&#8221; row_border_radius_applies=&#8221;bg&#8221; overflow=&#8221;visible&#8221; overlay_strength=&#8221;0.3&#8243; gradient_direction=&#8221;left_to_right&#8221; shape_divider_position=&#8221;bottom&#8221; bg_image_animation=&#8221;none&#8221;][vc_column column_padding=&#8221;no-extra-padding&#8221; column_padding_tablet=&#8221;inherit&#8221; column_padding_phone=&#8221;inherit&#8221; column_padding_position=&#8221;all&#8221; column_element_spacing=&#8221;default&#8221; background_color_opacity=&#8221;1&#8243; background_hover_color_opacity=&#8221;1&#8243; column_shadow=&#8221;none&#8221; column_border_radius=&#8221;none&#8221; column_link_target=&#8221;_self&#8221; column_position=&#8221;default&#8221; gradient_direction=&#8221;left_to_right&#8221; overlay_strength=&#8221;0.3&#8243; width=&#8221;1\/1&#8243; tablet_width_inherit=&#8221;default&#8221; tablet_text_alignment=&#8221;default&#8221; phone_text_alignment=&#8221;default&#8221; animation_type=&#8221;default&#8221; bg_image_animation=&#8221;none&#8221; border_type=&#8221;simple&#8221; column_border_width=&#8221;none&#8221; column_border_style=&#8221;solid&#8221;][vc_column_text]E\u2019 gratificante sapere che ogni anno le copie disponibili di Tondo Come il Mondo vengono esaurite \u2013 e che celebriamo il nostro quindicesimo anno nelle scuole italiane con una comunit\u00e0 di\u00a0656.299 bambini e le loro famiglie! &#8211; ma la gioia pi\u00f9 grande \u00e8 di vedere gli elaborati che giungono dal concorso. Per ogni edizione pensiamo a un tema.<br \/>\nQualche esempio: creare un libro delle cose rotonde che vedi nella vita e nella natura (2010\/11); la segnaletica dell\u2019ospitalit\u00e0 per accogliere bambini dal mondo all\u2019Expo di Milano (2014\/15)); diario di una settimana senza plastica (2018\/19); immaginiamo insieme la nostra citt\u00e0 sostenibile (2022\/23); eco-stilisti per un giorno (2023\/24); opera d\u2019arte circolare (2024). A valutare gli elaborati, siamo una piccola giuria e ogni anno ci sorprendono la creativit\u00e0 e l\u2019ingegno dei lavori presentati.<br \/>\nQuesta esperienza mi ha insegnato che il concetto di circolarit\u00e0, che sta alla base della vita e di ogni forma di riuso e riciclo, viene colto spontaneamente dai bambini, perch\u00e9 le loro facolt\u00e0 mentali, emotive ed espressive sono ancora pienamente interconnesse. Non sono state linearizzate dalla separazione di materie e competenze. La loro naturalezza \u00e8 sempre di grande ispirazione. Ringrazio la comunit\u00e0 che ha dato vita a questo progetto, che di anno in anno cresce e lo sta accompagnando in un bellissimo viaggio.[\/vc_column_text][divider line_type=&#8221;No Line&#8221;][vc_column_text]La campagna educativa Tondo come il Mondo \u00e8<\/p>\n<ul>\n<li>Accreditata sulla piattaforma S.O.F.I.A del MIM (Ministero dell&#8217;Istruzione e del Merito);<\/li>\n<li>Pu\u00f2 essere utilizzate per adempiere alle 33 ore di Educazione Civica<\/li>\n<li>Ha il patrocinio morale del Ministero dell&#8217;Ambiente e della Sicurezza energetica.<\/li>\n<\/ul>\n[\/vc_column_text][divider line_type=&#8221;No Line&#8221;][image_with_animation image_url=&#8221;7798&#8243; image_size=&#8221;full&#8221; animation_type=&#8221;entrance&#8221; animation=&#8221;Fade In&#8221; hover_animation=&#8221;none&#8221; alignment=&#8221;&#8221; border_radius=&#8221;none&#8221; box_shadow=&#8221;none&#8221; image_loading=&#8221;default&#8221; max_width=&#8221;100%&#8221; max_width_mobile=&#8221;default&#8221;][\/vc_column][\/vc_row][vc_row type=&#8221;in_container&#8221; full_screen_row_position=&#8221;middle&#8221; column_margin=&#8221;default&#8221; column_direction=&#8221;default&#8221; column_direction_tablet=&#8221;default&#8221; column_direction_phone=&#8221;default&#8221; scene_position=&#8221;center&#8221; text_color=&#8221;dark&#8221; text_align=&#8221;left&#8221; row_border_radius=&#8221;none&#8221; row_border_radius_applies=&#8221;bg&#8221; overflow=&#8221;visible&#8221; overlay_strength=&#8221;0.3&#8243; gradient_direction=&#8221;left_to_right&#8221; shape_divider_position=&#8221;bottom&#8221; bg_image_animation=&#8221;none&#8221;][vc_column column_padding=&#8221;no-extra-padding&#8221; column_padding_tablet=&#8221;inherit&#8221; column_padding_phone=&#8221;inherit&#8221; column_padding_position=&#8221;all&#8221; column_element_spacing=&#8221;default&#8221; background_color_opacity=&#8221;1&#8243; background_hover_color_opacity=&#8221;1&#8243; column_shadow=&#8221;none&#8221; column_border_radius=&#8221;none&#8221; column_link_target=&#8221;_self&#8221; column_position=&#8221;default&#8221; gradient_direction=&#8221;left_to_right&#8221; overlay_strength=&#8221;0.3&#8243; width=&#8221;1\/1&#8243; tablet_width_inherit=&#8221;default&#8221; tablet_text_alignment=&#8221;default&#8221; phone_text_alignment=&#8221;default&#8221; animation_type=&#8221;default&#8221; bg_image_animation=&#8221;none&#8221; border_type=&#8221;simple&#8221; column_border_width=&#8221;none&#8221; column_border_style=&#8221;solid&#8221;][nectar_icon icon_family=&#8221;fontawesome&#8221; icon_style=&#8221;default&#8221; icon_color_type=&#8221;color_scheme&#8221; icon_color=&#8221;Accent-Color&#8221; icon_padding=&#8221;20px&#8221; pointer_events=&#8221;all&#8221; icon_fontawesome=&#8221;fa fa-puzzle-piece&#8221; url=&#8221;https:\/\/carrerascenter.es\/seleccionar-vehiculo\/?sales_channel_code=carrerascenter&amp;pickup_place=Aeropuerto+de+Mah%C3%B3n+-+Parking+1&amp;pickup_place_other=&amp;custom_pickup_place=false&amp;date_from=11%2F09%2F2025&amp;time_from=16%3A00&amp;return_place=Aeropuerto+de+Mah%C3%B3n+-+Parking+1&amp;return_place_other=&amp;custom_return_place=false&amp;date_to=14%2F09%2F2025&amp;time_to=16%3A00&amp;promotion_code=&#8221;][\/vc_column][\/vc_row]\n","protected":false},"excerpt":{"rendered":"<p>[vc_row type=&#8221;in_container&#8221; full_screen_row_position=&#8221;middle&#8221; column_margin=&#8221;default&#8221; column_direction=&#8221;default&#8221; column_direction_tablet=&#8221;default&#8221; column_direction_phone=&#8221;default&#8221; scene_position=&#8221;center&#8221; text_color=&#8221;dark&#8221; text_align=&#8221;left&#8221; row_border_radius=&#8221;none&#8221; row_border_radius_applies=&#8221;bg&#8221; overflow=&#8221;visible&#8221; overlay_strength=&#8221;0.3&#8243; gradient_direction=&#8221;left_to_right&#8221; shape_divider_position=&#8221;bottom&#8221; bg_image_animation=&#8221;none&#8221;][vc_column column_padding=&#8221;no-extra-padding&#8221; column_padding_tablet=&#8221;inherit&#8221; column_padding_phone=&#8221;inherit&#8221; column_padding_position=&#8221;all&#8221; column_element_spacing=&#8221;default&#8221; background_color_opacity=&#8221;1&#8243; background_hover_color_opacity=&#8221;1&#8243; column_shadow=&#8221;none&#8221; column_border_radius=&#8221;none&#8221; column_link_target=&#8221;_self&#8221; column_position=&#8221;default&#8221; gradient_direction=&#8221;left_to_right&#8221; overlay_strength=&#8221;0.3&#8243;&#8230;<\/p>\n","protected":false},"author":4,"featured_media":7796,"comment_status":"closed","ping_status":"open","sticky":false,"template":"","format":"standard","meta":{"footnotes":""},"categories":[1,44,587,987],"tags":[],"yoast_head":"<!-- This site is optimized with the Yoast SEO plugin v21.9.1 - https:\/\/yoast.com\/wordpress\/plugins\/seo\/ -->\n<title>Tondo come il Mondo &#8226; Cristina Gabetti<\/title>\n<meta name=\"robots\" content=\"index, follow, max-snippet:-1, max-image-preview:large, max-video-preview:-1\" \/>\n<link rel=\"canonical\" href=\"https:\/\/cristinagabetti.com\/en\/tondo-come-il-mondo\/\" \/>\n<meta property=\"og:locale\" content=\"en_US\" \/>\n<meta property=\"og:type\" content=\"article\" \/>\n<meta property=\"og:title\" content=\"Tondo come il Mondo &#8226; Cristina Gabetti\" \/>\n<meta property=\"og:description\" content=\"[vc_row type=&#8221;in_container&#8221; full_screen_row_position=&#8221;middle&#8221; column_margin=&#8221;default&#8221; column_direction=&#8221;default&#8221; column_direction_tablet=&#8221;default&#8221; column_direction_phone=&#8221;default&#8221; scene_position=&#8221;center&#8221; text_color=&#8221;dark&#8221; text_align=&#8221;left&#8221; row_border_radius=&#8221;none&#8221; row_border_radius_applies=&#8221;bg&#8221; overflow=&#8221;visible&#8221; overlay_strength=&#8221;0.3&#8243; gradient_direction=&#8221;left_to_right&#8221; shape_divider_position=&#8221;bottom&#8221; bg_image_animation=&#8221;none&#8221;][vc_column column_padding=&#8221;no-extra-padding&#8221; column_padding_tablet=&#8221;inherit&#8221; column_padding_phone=&#8221;inherit&#8221; column_padding_position=&#8221;all&#8221; column_element_spacing=&#8221;default&#8221; background_color_opacity=&#8221;1&#8243; background_hover_color_opacity=&#8221;1&#8243; column_shadow=&#8221;none&#8221; column_border_radius=&#8221;none&#8221; column_link_target=&#8221;_self&#8221; column_position=&#8221;default&#8221; gradient_direction=&#8221;left_to_right&#8221; overlay_strength=&#8221;0.3&#8243;...\" \/>\n<meta property=\"og:url\" content=\"https:\/\/cristinagabetti.com\/en\/tondo-come-il-mondo\/\" \/>\n<meta property=\"og:site_name\" content=\"Cristina Gabetti\" \/>\n<meta property=\"article:publisher\" content=\"https:\/\/www.facebook.com\/cristinagabettipage\/\" \/>\n<meta property=\"article:published_time\" content=\"2025-09-04T10:05:29+00:00\" \/>\n<meta property=\"article:modified_time\" content=\"2025-09-04T10:07:52+00:00\" \/>\n<meta name=\"author\" content=\"Asia Artom\" \/>\n<meta name=\"twitter:card\" content=\"summary_large_image\" \/>\n<meta name=\"twitter:creator\" content=\"@cristinagabetti\" \/>\n<meta name=\"twitter:site\" content=\"@cristinagabetti\" \/>\n<meta name=\"twitter:label1\" content=\"Written by\" \/>\n\t<meta name=\"twitter:data1\" content=\"Asia Artom\" \/>\n\t<meta name=\"twitter:label2\" content=\"Est. reading time\" \/>\n\t<meta name=\"twitter:data2\" content=\"5 minutes\" \/>\n<script type=\"application\/ld+json\" class=\"yoast-schema-graph\">{\"@context\":\"https:\/\/schema.org\",\"@graph\":[{\"@type\":\"Article\",\"@id\":\"https:\/\/cristinagabetti.com\/en\/tondo-come-il-mondo\/#article\",\"isPartOf\":{\"@id\":\"https:\/\/cristinagabetti.com\/en\/tondo-come-il-mondo\/\"},\"author\":{\"name\":\"Asia Artom\",\"@id\":\"https:\/\/cristinagabetti.com\/#\/schema\/person\/2f359c542a50c594e67e9a59bbd55fb9\"},\"headline\":\"Tondo come il Mondo\",\"datePublished\":\"2025-09-04T10:05:29+00:00\",\"dateModified\":\"2025-09-04T10:07:52+00:00\",\"mainEntityOfPage\":{\"@id\":\"https:\/\/cristinagabetti.com\/en\/tondo-come-il-mondo\/\"},\"wordCount\":1574,\"publisher\":{\"@id\":\"https:\/\/cristinagabetti.com\/#organization\"},\"articleSection\":[\"about\",\"features\",\"homepagefeature\",\"recent\"],\"inLanguage\":\"en-US\"},{\"@type\":\"WebPage\",\"@id\":\"https:\/\/cristinagabetti.com\/en\/tondo-come-il-mondo\/\",\"url\":\"https:\/\/cristinagabetti.com\/en\/tondo-come-il-mondo\/\",\"name\":\"Tondo come il Mondo &#8226; Cristina Gabetti\",\"isPartOf\":{\"@id\":\"https:\/\/cristinagabetti.com\/#website\"},\"datePublished\":\"2025-09-04T10:05:29+00:00\",\"dateModified\":\"2025-09-04T10:07:52+00:00\",\"breadcrumb\":{\"@id\":\"https:\/\/cristinagabetti.com\/en\/tondo-come-il-mondo\/#breadcrumb\"},\"inLanguage\":\"en-US\",\"potentialAction\":[{\"@type\":\"ReadAction\",\"target\":[\"https:\/\/cristinagabetti.com\/en\/tondo-come-il-mondo\/\"]}]},{\"@type\":\"BreadcrumbList\",\"@id\":\"https:\/\/cristinagabetti.com\/en\/tondo-come-il-mondo\/#breadcrumb\",\"itemListElement\":[{\"@type\":\"ListItem\",\"position\":1,\"name\":\"Home\",\"item\":\"https:\/\/cristinagabetti.com\/en\/\"},{\"@type\":\"ListItem\",\"position\":2,\"name\":\"Tondo come il Mondo\"}]},{\"@type\":\"WebSite\",\"@id\":\"https:\/\/cristinagabetti.com\/#website\",\"url\":\"https:\/\/cristinagabetti.com\/\",\"name\":\"Cristina Gabetti\",\"description\":\"\",\"publisher\":{\"@id\":\"https:\/\/cristinagabetti.com\/#organization\"},\"potentialAction\":[{\"@type\":\"SearchAction\",\"target\":{\"@type\":\"EntryPoint\",\"urlTemplate\":\"https:\/\/cristinagabetti.com\/?s={search_term_string}\"},\"query-input\":\"required name=search_term_string\"}],\"inLanguage\":\"en-US\"},{\"@type\":\"Organization\",\"@id\":\"https:\/\/cristinagabetti.com\/#organization\",\"name\":\"Cristina Gabetti\",\"url\":\"https:\/\/cristinagabetti.com\/\",\"logo\":{\"@type\":\"ImageObject\",\"inLanguage\":\"en-US\",\"@id\":\"https:\/\/cristinagabetti.com\/#\/schema\/logo\/image\/\",\"url\":\"https:\/\/cristinagabetti.com\/wp-content\/uploads\/2018\/07\/crigab-logo-thin.png\",\"contentUrl\":\"https:\/\/cristinagabetti.com\/wp-content\/uploads\/2018\/07\/crigab-logo-thin.png\",\"width\":1400,\"height\":210,\"caption\":\"Cristina Gabetti\"},\"image\":{\"@id\":\"https:\/\/cristinagabetti.com\/#\/schema\/logo\/image\/\"},\"sameAs\":[\"https:\/\/www.facebook.com\/cristinagabettipage\/\",\"https:\/\/twitter.com\/cristinagabetti\",\"https:\/\/www.instagram.com\/cristinagabetti\/\",\"https:\/\/www.linkedin.com\/in\/cristina-gabetti-006b443\/\",\"https:\/\/www.youtube.com\/channel\/UCqu_Vbo2g9PqkhaKamPWmpQ\"]},{\"@type\":\"Person\",\"@id\":\"https:\/\/cristinagabetti.com\/#\/schema\/person\/2f359c542a50c594e67e9a59bbd55fb9\",\"name\":\"Asia Artom\",\"url\":\"https:\/\/cristinagabetti.com\/en\/author\/asia\/\"}]}<\/script>\n<!-- \/ Yoast SEO plugin. -->","yoast_head_json":{"title":"Tondo come il Mondo &#8226; Cristina Gabetti","robots":{"index":"index","follow":"follow","max-snippet":"max-snippet:-1","max-image-preview":"max-image-preview:large","max-video-preview":"max-video-preview:-1"},"canonical":"https:\/\/cristinagabetti.com\/en\/tondo-come-il-mondo\/","og_locale":"en_US","og_type":"article","og_title":"Tondo come il Mondo &#8226; Cristina Gabetti","og_description":"[vc_row type=&#8221;in_container&#8221; full_screen_row_position=&#8221;middle&#8221; column_margin=&#8221;default&#8221; column_direction=&#8221;default&#8221; column_direction_tablet=&#8221;default&#8221; column_direction_phone=&#8221;default&#8221; scene_position=&#8221;center&#8221; text_color=&#8221;dark&#8221; text_align=&#8221;left&#8221; row_border_radius=&#8221;none&#8221; row_border_radius_applies=&#8221;bg&#8221; overflow=&#8221;visible&#8221; overlay_strength=&#8221;0.3&#8243; gradient_direction=&#8221;left_to_right&#8221; shape_divider_position=&#8221;bottom&#8221; bg_image_animation=&#8221;none&#8221;][vc_column column_padding=&#8221;no-extra-padding&#8221; column_padding_tablet=&#8221;inherit&#8221; column_padding_phone=&#8221;inherit&#8221; column_padding_position=&#8221;all&#8221; column_element_spacing=&#8221;default&#8221; background_color_opacity=&#8221;1&#8243; background_hover_color_opacity=&#8221;1&#8243; column_shadow=&#8221;none&#8221; column_border_radius=&#8221;none&#8221; column_link_target=&#8221;_self&#8221; column_position=&#8221;default&#8221; gradient_direction=&#8221;left_to_right&#8221; overlay_strength=&#8221;0.3&#8243;...","og_url":"https:\/\/cristinagabetti.com\/en\/tondo-come-il-mondo\/","og_site_name":"Cristina Gabetti","article_publisher":"https:\/\/www.facebook.com\/cristinagabettipage\/","article_published_time":"2025-09-04T10:05:29+00:00","article_modified_time":"2025-09-04T10:07:52+00:00","author":"Asia Artom","twitter_card":"summary_large_image","twitter_creator":"@cristinagabetti","twitter_site":"@cristinagabetti","twitter_misc":{"Written by":"Asia Artom","Est. reading time":"5 minutes"},"schema":{"@context":"https:\/\/schema.org","@graph":[{"@type":"Article","@id":"https:\/\/cristinagabetti.com\/en\/tondo-come-il-mondo\/#article","isPartOf":{"@id":"https:\/\/cristinagabetti.com\/en\/tondo-come-il-mondo\/"},"author":{"name":"Asia Artom","@id":"https:\/\/cristinagabetti.com\/#\/schema\/person\/2f359c542a50c594e67e9a59bbd55fb9"},"headline":"Tondo come il Mondo","datePublished":"2025-09-04T10:05:29+00:00","dateModified":"2025-09-04T10:07:52+00:00","mainEntityOfPage":{"@id":"https:\/\/cristinagabetti.com\/en\/tondo-come-il-mondo\/"},"wordCount":1574,"publisher":{"@id":"https:\/\/cristinagabetti.com\/#organization"},"articleSection":["about","features","homepagefeature","recent"],"inLanguage":"en-US"},{"@type":"WebPage","@id":"https:\/\/cristinagabetti.com\/en\/tondo-come-il-mondo\/","url":"https:\/\/cristinagabetti.com\/en\/tondo-come-il-mondo\/","name":"Tondo come il Mondo &#8226; Cristina Gabetti","isPartOf":{"@id":"https:\/\/cristinagabetti.com\/#website"},"datePublished":"2025-09-04T10:05:29+00:00","dateModified":"2025-09-04T10:07:52+00:00","breadcrumb":{"@id":"https:\/\/cristinagabetti.com\/en\/tondo-come-il-mondo\/#breadcrumb"},"inLanguage":"en-US","potentialAction":[{"@type":"ReadAction","target":["https:\/\/cristinagabetti.com\/en\/tondo-come-il-mondo\/"]}]},{"@type":"BreadcrumbList","@id":"https:\/\/cristinagabetti.com\/en\/tondo-come-il-mondo\/#breadcrumb","itemListElement":[{"@type":"ListItem","position":1,"name":"Home","item":"https:\/\/cristinagabetti.com\/en\/"},{"@type":"ListItem","position":2,"name":"Tondo come il Mondo"}]},{"@type":"WebSite","@id":"https:\/\/cristinagabetti.com\/#website","url":"https:\/\/cristinagabetti.com\/","name":"Cristina Gabetti","description":"","publisher":{"@id":"https:\/\/cristinagabetti.com\/#organization"},"potentialAction":[{"@type":"SearchAction","target":{"@type":"EntryPoint","urlTemplate":"https:\/\/cristinagabetti.com\/?s={search_term_string}"},"query-input":"required name=search_term_string"}],"inLanguage":"en-US"},{"@type":"Organization","@id":"https:\/\/cristinagabetti.com\/#organization","name":"Cristina Gabetti","url":"https:\/\/cristinagabetti.com\/","logo":{"@type":"ImageObject","inLanguage":"en-US","@id":"https:\/\/cristinagabetti.com\/#\/schema\/logo\/image\/","url":"https:\/\/cristinagabetti.com\/wp-content\/uploads\/2018\/07\/crigab-logo-thin.png","contentUrl":"https:\/\/cristinagabetti.com\/wp-content\/uploads\/2018\/07\/crigab-logo-thin.png","width":1400,"height":210,"caption":"Cristina Gabetti"},"image":{"@id":"https:\/\/cristinagabetti.com\/#\/schema\/logo\/image\/"},"sameAs":["https:\/\/www.facebook.com\/cristinagabettipage\/","https:\/\/twitter.com\/cristinagabetti","https:\/\/www.instagram.com\/cristinagabetti\/","https:\/\/www.linkedin.com\/in\/cristina-gabetti-006b443\/","https:\/\/www.youtube.com\/channel\/UCqu_Vbo2g9PqkhaKamPWmpQ"]},{"@type":"Person","@id":"https:\/\/cristinagabetti.com\/#\/schema\/person\/2f359c542a50c594e67e9a59bbd55fb9","name":"Asia Artom","url":"https:\/\/cristinagabetti.com\/en\/author\/asia\/"}]}},"jetpack_featured_media_url":"https:\/\/cristinagabetti.com\/wp-content\/uploads\/2025\/09\/tondo2018Hero@1920x.jpg","_links":{"self":[{"href":"https:\/\/cristinagabetti.com\/en\/wp-json\/wp\/v2\/posts\/7802"}],"collection":[{"href":"https:\/\/cristinagabetti.com\/en\/wp-json\/wp\/v2\/posts"}],"about":[{"href":"https:\/\/cristinagabetti.com\/en\/wp-json\/wp\/v2\/types\/post"}],"author":[{"embeddable":true,"href":"https:\/\/cristinagabetti.com\/en\/wp-json\/wp\/v2\/users\/4"}],"replies":[{"embeddable":true,"href":"https:\/\/cristinagabetti.com\/en\/wp-json\/wp\/v2\/comments?post=7802"}],"version-history":[{"count":1,"href":"https:\/\/cristinagabetti.com\/en\/wp-json\/wp\/v2\/posts\/7802\/revisions"}],"predecessor-version":[{"id":7803,"href":"https:\/\/cristinagabetti.com\/en\/wp-json\/wp\/v2\/posts\/7802\/revisions\/7803"}],"wp:featuredmedia":[{"embeddable":true,"href":"https:\/\/cristinagabetti.com\/en\/wp-json\/wp\/v2\/media\/7796"}],"wp:attachment":[{"href":"https:\/\/cristinagabetti.com\/en\/wp-json\/wp\/v2\/media?parent=7802"}],"wp:term":[{"taxonomy":"category","embeddable":true,"href":"https:\/\/cristinagabetti.com\/en\/wp-json\/wp\/v2\/categories?post=7802"},{"taxonomy":"post_tag","embeddable":true,"href":"https:\/\/cristinagabetti.com\/en\/wp-json\/wp\/v2\/tags?post=7802"}],"curies":[{"name":"wp","href":"https:\/\/api.w.org\/{rel}","templated":true}]}}